{"id":1293,"date":"2023-04-26T14:29:58","date_gmt":"2023-04-26T17:29:58","guid":{"rendered":"https:\/\/wehrmann.cenix.tech\/?p=1293"},"modified":"2026-03-25T22:53:33","modified_gmt":"2026-03-26T01:53:33","slug":"esta-aberto-o-processo-seletivo-jovem-aprendiz-2023","status":"publish","type":"post","link":"https:\/\/wehrmann.com.br\/pt_BR\/esta-aberto-o-processo-seletivo-jovem-aprendiz-2023\/","title":{"rendered":"Est\u00e1 aberto o processo seletivo jovem aprendiz 2023"},"content":{"rendered":"<p>O Grupo Wehrmann, composto pelas empresas Dois Marcos Sementes, Wehrmann Agr\u00edcola e Inova gen\u00e9tica, est\u00e1 com inscri\u00e7\u00f5es abertas para um processo seletivo para Jovem Aprendiz. Os selecionados poder\u00e3o trabalhar em qualquer uma das tr\u00eas empresas, de acordo com a demanda.<\/p>\n<p>&nbsp;<\/p>\n<p>Os requisitos para concorrer a vaga s\u00e3o:<\/p>\n<ul>\n<li><span class=\"S1PPyQ\">Ter entre 14 e 24 anos;<\/span><\/li>\n<li><span class=\"S1PPyQ\">Estar cursando o Ensino M\u00e9dio no Col\u00e9gio Estadual Campos Lindos ou no Centro Educacional do PAD-DF (no per\u00edodo matutino ou noturno), ou j\u00e1 ter conclu\u00eddo o Ensino M\u00e9dio;<\/span><\/li>\n<li><span class=\"S1PPyQ\">Morar na Regi\u00e3o da Maraj\u00f3, Alphaville, Po\u00e7\u00f5es ou Jardim;<\/span><\/li>\n<li><span class=\"S1PPyQ\">Apresentar com a ficha de inscri\u00e7\u00e3o uma c\u00f3pia do documento de identidade<\/span><\/li>\n<\/ul>\n<p>&nbsp;<\/p>\n<p>As fichas de inscri\u00e7\u00e3o est\u00e3o dispon\u00edveis nas Escolas de Ensino M\u00e9dio e na portaria da Agr\u00edcola Wehrmann. <strong>As inscri\u00e7\u00f5es est\u00e3o abertas a partir de 24\/04 e v\u00e3o at\u00e9 08\/05<\/strong>. A prova ser\u00e1 realizada no dia 17\/05, e o local e hor\u00e1rio ainda ser\u00e3o definidos.<\/p>\n<p>&nbsp;<\/p>\n<p>Esta \u00e9 uma grande oportunidade para os jovens da regi\u00e3o, que poder\u00e3o ter sua primeira experi\u00eancia profissional em empresas de grande porte e renome no mercado.<\/p>\n<p>&nbsp;<\/p>\n<p>Para mais informa\u00e7\u00f5es ou esclarecimento de d\u00favidas, entre em contato pelo telefone <a href=\"tel:998072368\">(61) 99807-2368<\/a>.<\/p>\n<p>N\u00e3o perca esta chance!<\/p>\n","protected":false},"excerpt":{"rendered":"<p>O Grupo Wehrmann, composto pelas empresas Dois Marcos Sementes, Wehrmann Agr\u00edcola e Inova gen\u00e9tica, est\u00e1 com inscri\u00e7\u00f5es abertas para um processo seletivo para Jovem Aprendiz. Os selecionados poder\u00e3o trabalhar em qualquer uma das tr\u00eas empresas, de aco&#8230;<\/p>\n","protected":false},"author":62,"featured_media":1295,"comment_status":"open","ping_status":"open","sticky":false,"template":"","format":"standard","meta":{"footnotes":""},"categories":[40,39],"tags":[],"class_list":["post-1293","post","type-post","status-publish","format-standard","has-post-thumbnail","hentry","category-processo-seletivo","category-vagas","category-40","category-39","description-off"],"_links":{"self":[{"href":"https:\/\/wehrmann.com.br\/pt_BR\/wp-json\/wp\/v2\/posts\/1293","targetHints":{"allow":["GET"]}}],"collection":[{"href":"https:\/\/wehrmann.com.br\/pt_BR\/wp-json\/wp\/v2\/posts"}],"about":[{"href":"https:\/\/wehrmann.com.br\/pt_BR\/wp-json\/wp\/v2\/types\/post"}],"author":[{"embeddable":true,"href":"https:\/\/wehrmann.com.br\/pt_BR\/wp-json\/wp\/v2\/users\/62"}],"replies":[{"embeddable":true,"href":"https:\/\/wehrmann.com.br\/pt_BR\/wp-json\/wp\/v2\/comments?post=1293"}],"version-history":[{"count":7,"href":"https:\/\/wehrmann.com.br\/pt_BR\/wp-json\/wp\/v2\/posts\/1293\/revisions"}],"predecessor-version":[{"id":1995,"href":"https:\/\/wehrmann.com.br\/pt_BR\/wp-json\/wp\/v2\/posts\/1293\/revisions\/1995"}],"wp:featuredmedia":[{"embeddable":true,"href":"https:\/\/wehrmann.com.br\/pt_BR\/wp-json\/wp\/v2\/media\/1295"}],"wp:attachment":[{"href":"https:\/\/wehrmann.com.br\/pt_BR\/wp-json\/wp\/v2\/media?parent=1293"}],"wp:term":[{"taxonomy":"category","embeddable":true,"href":"https:\/\/wehrmann.com.br\/pt_BR\/wp-json\/wp\/v2\/categories?post=1293"},{"taxonomy":"post_tag","embeddable":true,"href":"https:\/\/wehrmann.com.br\/pt_BR\/wp-json\/wp\/v2\/tags?post=1293"}],"curies":[{"name":"wp","href":"https:\/\/api.w.org\/{rel}","templated":true}]}}